{"id":999620,"date":"2025-10-24T11:51:28","date_gmt":"2025-10-24T08:51:28","guid":{"rendered":"https:\/\/www.tepro.com.tr\/?p=999620"},"modified":"2025-10-24T11:57:40","modified_gmt":"2025-10-24T08:57:40","slug":"motan-praesentiert-effizienz-und-innovation-auf-der-k-messe","status":"publish","type":"post","link":"https:\/\/www.tepro.com.tr\/de\/motan-praesentiert-effizienz-und-innovation-auf-der-k-messe\/","title":{"rendered":"MOTAN pr\u00e4sentiert Effizienz und Innovation auf der K-Messe"},"content":{"rendered":"<div class=\"vgblk-rw-wrapper limit-wrapper\">\n<p>Auf der&nbsp;<strong>K \u2013 The World\u2019s No.1 Trade Fair for Plastics and Rubber<\/strong>&nbsp;pr\u00e4sentierten wir mit Stolz die Marke&nbsp;<strong>MOTAN<\/strong>&nbsp;und stellten Besuchern unsere innovativen Materialhandling-L\u00f6sungen vor, die auf maximale Produktivit\u00e4t in der Kunststoffverarbeitung ausgelegt sind. Unsere Systeme vereinen Kosteneffizienz, Flexibilit\u00e4t und Nachhaltigkeit \u2013 und fanden auf der Messe gro\u00dfe Beachtung.<\/p>\n\n\n\n<p>Am MOTAN-Stand zeigten wir ein breites Spektrum an L\u00f6sungen \u2013 von&nbsp;<strong>zentralen Materialf\u00f6rdersystemen<\/strong>&nbsp;und&nbsp;<strong>energieeffizienten Trocknungstechnologien<\/strong>&nbsp;\u00fcber&nbsp;<strong>automatische Dosier- und Mischsysteme<\/strong>&nbsp;bis hin zu&nbsp;<strong>spezialisierten Anwendungen<\/strong>. Mit intelligenten Steuerungssystemen ausgestattet, erm\u00f6glichen diese Technologien eine gleichbleibend hohe Qualit\u00e4t, optimierte Arbeitsabl\u00e4ufe und einen reibungslosen Produktionsprozess.<\/p>\n\n\n\n<p>Wir danken allen Besuchern und Partnern herzlich f\u00fcr ihr Interesse und ihre Unterst\u00fctzung. Mit unseren zuverl\u00e4ssigen und zukunftsorientierten Technologien definiert&nbsp;<strong>MOTAN<\/strong>&nbsp;das Materialmanagement in der Kunststoffindustrie neu und tr\u00e4gt aktiv zur digitalen Transformation der Branche bei.<\/p>\n<\/div><!-- .vgblk-rw-wrapper -->","protected":false},"excerpt":{"rendered":"<p>Auf der&nbsp;K \u2013 The World\u2019s No.1 Trade Fair for Plastics and Rubber&nbsp;pr\u00e4sentierten wir mit Stolz die Marke&nbsp;MOTAN&nbsp;und stellten Besuchern unsere innovativen Materialhandling-L\u00f6sungen vor, die auf maximale Produktivit\u00e4t in der Kunststoffverarbeitung ausgelegt sind. Unsere Systeme vereinen Kosteneffizienz, Flexibilit\u00e4t und Nachhaltigkeit \u2013 und fanden auf der Messe gro\u00dfe Beachtung. Am MOTAN-Stand zeigten wir ein breites Spektrum an&#8230;<\/p>\n","protected":false},"author":1,"featured_media":999643,"comment_status":"closed","ping_status":"closed","sticky":false,"template":"","format":"standard","meta":{"footnotes":""},"categories":[104],"tags":[],"class_list":["post-999620","post","type-post","status-publish","format-standard","has-post-thumbnail","hentry","category-messen"],"aioseo_notices":[],"aioseo_head":"\n\t\t<!-- All in One SEO Pro 4.9.6.2 - aioseo.com -->\n\t<meta name=\"description\" content=\"Auf der K-Messe pr\u00e4sentierte MOTAN effiziente, energieoptimierte Materialhandling-L\u00f6sungen f\u00fcr mehr Produktivit\u00e4t und Nachhaltigkeit.\" \/>\n\t<meta name=\"robots\" content=\"max-image-preview:large\" \/>\n\t<meta name=\"author\" content=\"tepro\"\/>\n\t<link rel=\"canonical\" href=\"https:\/\/www.tepro.com.tr\/de\/motan-praesentiert-effizienz-und-innovation-auf-der-k-messe\/\" \/>\n\t<meta name=\"generator\" content=\"All in One SEO Pro (AIOSEO) 4.9.6.2\" \/>\n\t\t<meta property=\"og:locale\" content=\"de_DE\" \/>\n\t\t<meta property=\"og:site_name\" content=\"TEPRO - Makine ve Otomasyon Sistemleri\" \/>\n\t\t<meta property=\"og:type\" content=\"article\" \/>\n\t\t<meta property=\"og:title\" content=\"MOTAN auf der K-Messe: Effizienz und Innovation\" \/>\n\t\t<meta property=\"og:description\" content=\"Auf der K-Messe pr\u00e4sentierte MOTAN effiziente, energieoptimierte Materialhandling-L\u00f6sungen f\u00fcr mehr Produktivit\u00e4t und Nachhaltigkeit.\" \/>\n\t\t<meta property=\"og:url\" content=\"https:\/\/www.tepro.com.tr\/de\/motan-praesentiert-effizienz-und-innovation-auf-der-k-messe\/\" \/>\n\t\t<meta property=\"og:image\" content=\"https:\/\/www.tepro.com.tr\/wp-content\/uploads\/2025\/04\/tepro-logo-2.png\" \/>\n\t\t<meta property=\"og:image:secure_url\" content=\"https:\/\/www.tepro.com.tr\/wp-content\/uploads\/2025\/04\/tepro-logo-2.png\" \/>\n\t\t<meta property=\"article:published_time\" content=\"2025-10-24T08:51:28+00:00\" \/>\n\t\t<meta property=\"article:modified_time\" content=\"2025-10-24T08:57:40+00:00\" \/>\n\t\t<meta name=\"twitter:card\" content=\"summary_large_image\" \/>\n\t\t<meta name=\"twitter:title\" content=\"MOTAN auf der K-Messe: Effizienz und Innovation\" \/>\n\t\t<meta name=\"twitter:description\" content=\"Auf der K-Messe pr\u00e4sentierte MOTAN effiziente, energieoptimierte Materialhandling-L\u00f6sungen f\u00fcr mehr Produktivit\u00e4t und Nachhaltigkeit.\" \/>\n\t\t<meta name=\"twitter:image\" content=\"https:\/\/www.tepro.com.tr\/wp-content\/uploads\/2025\/04\/tepro-logo-2.png\" \/>\n\t\t<script type=\"application\/ld+json\" class=\"aioseo-schema\">\n\t\t\t{\"@context\":\"https:\\\/\\\/schema.org\",\"@graph\":[{\"@type\":\"BlogPosting\",\"@id\":\"https:\\\/\\\/www.tepro.com.tr\\\/de\\\/motan-praesentiert-effizienz-und-innovation-auf-der-k-messe\\\/#blogposting\",\"name\":\"MOTAN auf der K-Messe: Effizienz und Innovation\",\"headline\":\"MOTAN pr\\u00e4sentiert Effizienz und Innovation auf der K-Messe\",\"author\":{\"@id\":\"https:\\\/\\\/www.tepro.com.tr\\\/de\\\/author\\\/tepro\\\/#author\"},\"publisher\":{\"@id\":\"https:\\\/\\\/www.tepro.com.tr\\\/de\\\/#organization\"},\"image\":{\"@type\":\"ImageObject\",\"url\":\"https:\\\/\\\/www.tepro.com.tr\\\/wp-content\\\/uploads\\\/2025\\\/10\\\/csm_NPE__8__575de10d6fjpg.webp\",\"width\":992,\"height\":463,\"caption\":\"#image_title\"},\"datePublished\":\"2025-10-24T11:51:28+03:00\",\"dateModified\":\"2025-10-24T11:57:40+03:00\",\"inLanguage\":\"de-DE\",\"mainEntityOfPage\":{\"@id\":\"https:\\\/\\\/www.tepro.com.tr\\\/de\\\/motan-praesentiert-effizienz-und-innovation-auf-der-k-messe\\\/#webpage\"},\"isPartOf\":{\"@id\":\"https:\\\/\\\/www.tepro.com.tr\\\/de\\\/motan-praesentiert-effizienz-und-innovation-auf-der-k-messe\\\/#webpage\"},\"articleSection\":\"Messen, Optional\"},{\"@type\":\"BreadcrumbList\",\"@id\":\"https:\\\/\\\/www.tepro.com.tr\\\/de\\\/motan-praesentiert-effizienz-und-innovation-auf-der-k-messe\\\/#breadcrumblist\",\"itemListElement\":[{\"@type\":\"ListItem\",\"@id\":\"https:\\\/\\\/www.tepro.com.tr\\\/de\\\/#listItem\",\"position\":1,\"name\":\"Home\",\"item\":\"https:\\\/\\\/www.tepro.com.tr\\\/de\\\/\",\"nextItem\":{\"@type\":\"ListItem\",\"@id\":\"https:\\\/\\\/www.tepro.com.tr\\\/de\\\/category\\\/messen\\\/#listItem\",\"name\":\"Messen\"}},{\"@type\":\"ListItem\",\"@id\":\"https:\\\/\\\/www.tepro.com.tr\\\/de\\\/category\\\/messen\\\/#listItem\",\"position\":2,\"name\":\"Messen\",\"item\":\"https:\\\/\\\/www.tepro.com.tr\\\/de\\\/category\\\/messen\\\/\",\"nextItem\":{\"@type\":\"ListItem\",\"@id\":\"https:\\\/\\\/www.tepro.com.tr\\\/de\\\/motan-praesentiert-effizienz-und-innovation-auf-der-k-messe\\\/#listItem\",\"name\":\"MOTAN pr\\u00e4sentiert Effizienz und Innovation auf der K-Messe\"},\"previousItem\":{\"@type\":\"ListItem\",\"@id\":\"https:\\\/\\\/www.tepro.com.tr\\\/de\\\/#listItem\",\"name\":\"Home\"}},{\"@type\":\"ListItem\",\"@id\":\"https:\\\/\\\/www.tepro.com.tr\\\/de\\\/motan-praesentiert-effizienz-und-innovation-auf-der-k-messe\\\/#listItem\",\"position\":3,\"name\":\"MOTAN pr\\u00e4sentiert Effizienz und Innovation auf der K-Messe\",\"previousItem\":{\"@type\":\"ListItem\",\"@id\":\"https:\\\/\\\/www.tepro.com.tr\\\/de\\\/category\\\/messen\\\/#listItem\",\"name\":\"Messen\"}}]},{\"@type\":\"Organization\",\"@id\":\"https:\\\/\\\/www.tepro.com.tr\\\/de\\\/#organization\",\"name\":\"TEPRO\",\"description\":\"Makine ve Otomasyon Sistemleri\",\"url\":\"https:\\\/\\\/www.tepro.com.tr\\\/de\\\/\",\"telephone\":\"+902167092600\",\"logo\":{\"@type\":\"ImageObject\",\"url\":\"https:\\\/\\\/www.tepro.com.tr\\\/wp-content\\\/uploads\\\/2025\\\/04\\\/tepro-logo-2.png\",\"@id\":\"https:\\\/\\\/www.tepro.com.tr\\\/de\\\/motan-praesentiert-effizienz-und-innovation-auf-der-k-messe\\\/#organizationLogo\",\"width\":283,\"height\":103},\"image\":{\"@id\":\"https:\\\/\\\/www.tepro.com.tr\\\/de\\\/motan-praesentiert-effizienz-und-innovation-auf-der-k-messe\\\/#organizationLogo\"}},{\"@type\":\"Person\",\"@id\":\"https:\\\/\\\/www.tepro.com.tr\\\/de\\\/author\\\/tepro\\\/#author\",\"url\":\"https:\\\/\\\/www.tepro.com.tr\\\/de\\\/author\\\/tepro\\\/\",\"name\":\"tepro\",\"image\":{\"@type\":\"ImageObject\",\"@id\":\"https:\\\/\\\/www.tepro.com.tr\\\/de\\\/motan-praesentiert-effizienz-und-innovation-auf-der-k-messe\\\/#authorImage\",\"url\":\"https:\\\/\\\/secure.gravatar.com\\\/avatar\\\/12cf3df8499a805844d842e1a8bb0331b13b86677288c8042f4abf4a5d253c7d?s=96&d=mm&r=g\",\"width\":96,\"height\":96,\"caption\":\"tepro\"}},{\"@type\":\"WebPage\",\"@id\":\"https:\\\/\\\/www.tepro.com.tr\\\/de\\\/motan-praesentiert-effizienz-und-innovation-auf-der-k-messe\\\/#webpage\",\"url\":\"https:\\\/\\\/www.tepro.com.tr\\\/de\\\/motan-praesentiert-effizienz-und-innovation-auf-der-k-messe\\\/\",\"name\":\"MOTAN auf der K-Messe: Effizienz und Innovation\",\"description\":\"Auf der K-Messe pr\\u00e4sentierte MOTAN effiziente, energieoptimierte Materialhandling-L\\u00f6sungen f\\u00fcr mehr Produktivit\\u00e4t und Nachhaltigkeit.\",\"inLanguage\":\"de-DE\",\"isPartOf\":{\"@id\":\"https:\\\/\\\/www.tepro.com.tr\\\/de\\\/#website\"},\"breadcrumb\":{\"@id\":\"https:\\\/\\\/www.tepro.com.tr\\\/de\\\/motan-praesentiert-effizienz-und-innovation-auf-der-k-messe\\\/#breadcrumblist\"},\"author\":{\"@id\":\"https:\\\/\\\/www.tepro.com.tr\\\/de\\\/author\\\/tepro\\\/#author\"},\"creator\":{\"@id\":\"https:\\\/\\\/www.tepro.com.tr\\\/de\\\/author\\\/tepro\\\/#author\"},\"image\":{\"@type\":\"ImageObject\",\"url\":\"https:\\\/\\\/www.tepro.com.tr\\\/wp-content\\\/uploads\\\/2025\\\/10\\\/csm_NPE__8__575de10d6fjpg.webp\",\"@id\":\"https:\\\/\\\/www.tepro.com.tr\\\/de\\\/motan-praesentiert-effizienz-und-innovation-auf-der-k-messe\\\/#mainImage\",\"width\":992,\"height\":463,\"caption\":\"#image_title\"},\"primaryImageOfPage\":{\"@id\":\"https:\\\/\\\/www.tepro.com.tr\\\/de\\\/motan-praesentiert-effizienz-und-innovation-auf-der-k-messe\\\/#mainImage\"},\"datePublished\":\"2025-10-24T11:51:28+03:00\",\"dateModified\":\"2025-10-24T11:57:40+03:00\"},{\"@type\":\"WebSite\",\"@id\":\"https:\\\/\\\/www.tepro.com.tr\\\/de\\\/#website\",\"url\":\"https:\\\/\\\/www.tepro.com.tr\\\/de\\\/\",\"name\":\"TEPRO\",\"description\":\"Makine ve Otomasyon Sistemleri\",\"inLanguage\":\"de-DE\",\"publisher\":{\"@id\":\"https:\\\/\\\/www.tepro.com.tr\\\/de\\\/#organization\"}}]}\n\t\t<\/script>\n\t\t<!-- All in One SEO Pro -->\r\n\t\t<title>MOTAN auf der K-Messe: Effizienz und Innovation<\/title>\n\n","aioseo_head_json":{"title":"MOTAN auf der K-Messe: Effizienz und Innovation","description":"Auf der K-Messe pr\u00e4sentierte MOTAN effiziente, energieoptimierte Materialhandling-L\u00f6sungen f\u00fcr mehr Produktivit\u00e4t und Nachhaltigkeit.","canonical_url":"https:\/\/www.tepro.com.tr\/de\/motan-praesentiert-effizienz-und-innovation-auf-der-k-messe\/","robots":"max-image-preview:large","keywords":"","webmasterTools":{"miscellaneous":""},"schema":{"@context":"https:\/\/schema.org","@graph":[{"@type":"BlogPosting","@id":"https:\/\/www.tepro.com.tr\/de\/motan-praesentiert-effizienz-und-innovation-auf-der-k-messe\/#blogposting","name":"MOTAN auf der K-Messe: Effizienz und Innovation","headline":"MOTAN pr\u00e4sentiert Effizienz und Innovation auf der K-Messe","author":{"@id":"https:\/\/www.tepro.com.tr\/de\/author\/tepro\/#author"},"publisher":{"@id":"https:\/\/www.tepro.com.tr\/de\/#organization"},"image":{"@type":"ImageObject","url":"https:\/\/www.tepro.com.tr\/wp-content\/uploads\/2025\/10\/csm_NPE__8__575de10d6fjpg.webp","width":992,"height":463,"caption":"#image_title"},"datePublished":"2025-10-24T11:51:28+03:00","dateModified":"2025-10-24T11:57:40+03:00","inLanguage":"de-DE","mainEntityOfPage":{"@id":"https:\/\/www.tepro.com.tr\/de\/motan-praesentiert-effizienz-und-innovation-auf-der-k-messe\/#webpage"},"isPartOf":{"@id":"https:\/\/www.tepro.com.tr\/de\/motan-praesentiert-effizienz-und-innovation-auf-der-k-messe\/#webpage"},"articleSection":"Messen, Optional"},{"@type":"BreadcrumbList","@id":"https:\/\/www.tepro.com.tr\/de\/motan-praesentiert-effizienz-und-innovation-auf-der-k-messe\/#breadcrumblist","itemListElement":[{"@type":"ListItem","@id":"https:\/\/www.tepro.com.tr\/de\/#listItem","position":1,"name":"Home","item":"https:\/\/www.tepro.com.tr\/de\/","nextItem":{"@type":"ListItem","@id":"https:\/\/www.tepro.com.tr\/de\/category\/messen\/#listItem","name":"Messen"}},{"@type":"ListItem","@id":"https:\/\/www.tepro.com.tr\/de\/category\/messen\/#listItem","position":2,"name":"Messen","item":"https:\/\/www.tepro.com.tr\/de\/category\/messen\/","nextItem":{"@type":"ListItem","@id":"https:\/\/www.tepro.com.tr\/de\/motan-praesentiert-effizienz-und-innovation-auf-der-k-messe\/#listItem","name":"MOTAN pr\u00e4sentiert Effizienz und Innovation auf der K-Messe"},"previousItem":{"@type":"ListItem","@id":"https:\/\/www.tepro.com.tr\/de\/#listItem","name":"Home"}},{"@type":"ListItem","@id":"https:\/\/www.tepro.com.tr\/de\/motan-praesentiert-effizienz-und-innovation-auf-der-k-messe\/#listItem","position":3,"name":"MOTAN pr\u00e4sentiert Effizienz und Innovation auf der K-Messe","previousItem":{"@type":"ListItem","@id":"https:\/\/www.tepro.com.tr\/de\/category\/messen\/#listItem","name":"Messen"}}]},{"@type":"Organization","@id":"https:\/\/www.tepro.com.tr\/de\/#organization","name":"TEPRO","description":"Makine ve Otomasyon Sistemleri","url":"https:\/\/www.tepro.com.tr\/de\/","telephone":"+902167092600","logo":{"@type":"ImageObject","url":"https:\/\/www.tepro.com.tr\/wp-content\/uploads\/2025\/04\/tepro-logo-2.png","@id":"https:\/\/www.tepro.com.tr\/de\/motan-praesentiert-effizienz-und-innovation-auf-der-k-messe\/#organizationLogo","width":283,"height":103},"image":{"@id":"https:\/\/www.tepro.com.tr\/de\/motan-praesentiert-effizienz-und-innovation-auf-der-k-messe\/#organizationLogo"}},{"@type":"Person","@id":"https:\/\/www.tepro.com.tr\/de\/author\/tepro\/#author","url":"https:\/\/www.tepro.com.tr\/de\/author\/tepro\/","name":"tepro","image":{"@type":"ImageObject","@id":"https:\/\/www.tepro.com.tr\/de\/motan-praesentiert-effizienz-und-innovation-auf-der-k-messe\/#authorImage","url":"https:\/\/secure.gravatar.com\/avatar\/12cf3df8499a805844d842e1a8bb0331b13b86677288c8042f4abf4a5d253c7d?s=96&d=mm&r=g","width":96,"height":96,"caption":"tepro"}},{"@type":"WebPage","@id":"https:\/\/www.tepro.com.tr\/de\/motan-praesentiert-effizienz-und-innovation-auf-der-k-messe\/#webpage","url":"https:\/\/www.tepro.com.tr\/de\/motan-praesentiert-effizienz-und-innovation-auf-der-k-messe\/","name":"MOTAN auf der K-Messe: Effizienz und Innovation","description":"Auf der K-Messe pr\u00e4sentierte MOTAN effiziente, energieoptimierte Materialhandling-L\u00f6sungen f\u00fcr mehr Produktivit\u00e4t und Nachhaltigkeit.","inLanguage":"de-DE","isPartOf":{"@id":"https:\/\/www.tepro.com.tr\/de\/#website"},"breadcrumb":{"@id":"https:\/\/www.tepro.com.tr\/de\/motan-praesentiert-effizienz-und-innovation-auf-der-k-messe\/#breadcrumblist"},"author":{"@id":"https:\/\/www.tepro.com.tr\/de\/author\/tepro\/#author"},"creator":{"@id":"https:\/\/www.tepro.com.tr\/de\/author\/tepro\/#author"},"image":{"@type":"ImageObject","url":"https:\/\/www.tepro.com.tr\/wp-content\/uploads\/2025\/10\/csm_NPE__8__575de10d6fjpg.webp","@id":"https:\/\/www.tepro.com.tr\/de\/motan-praesentiert-effizienz-und-innovation-auf-der-k-messe\/#mainImage","width":992,"height":463,"caption":"#image_title"},"primaryImageOfPage":{"@id":"https:\/\/www.tepro.com.tr\/de\/motan-praesentiert-effizienz-und-innovation-auf-der-k-messe\/#mainImage"},"datePublished":"2025-10-24T11:51:28+03:00","dateModified":"2025-10-24T11:57:40+03:00"},{"@type":"WebSite","@id":"https:\/\/www.tepro.com.tr\/de\/#website","url":"https:\/\/www.tepro.com.tr\/de\/","name":"TEPRO","description":"Makine ve Otomasyon Sistemleri","inLanguage":"de-DE","publisher":{"@id":"https:\/\/www.tepro.com.tr\/de\/#organization"}}]},"og:locale":"de_DE","og:site_name":"TEPRO - Makine ve Otomasyon Sistemleri","og:type":"article","og:title":"MOTAN auf der K-Messe: Effizienz und Innovation","og:description":"Auf der K-Messe pr\u00e4sentierte MOTAN effiziente, energieoptimierte Materialhandling-L\u00f6sungen f\u00fcr mehr Produktivit\u00e4t und Nachhaltigkeit.","og:url":"https:\/\/www.tepro.com.tr\/de\/motan-praesentiert-effizienz-und-innovation-auf-der-k-messe\/","og:image":"https:\/\/www.tepro.com.tr\/wp-content\/uploads\/2025\/04\/tepro-logo-2.png","og:image:secure_url":"https:\/\/www.tepro.com.tr\/wp-content\/uploads\/2025\/04\/tepro-logo-2.png","article:published_time":"2025-10-24T08:51:28+00:00","article:modified_time":"2025-10-24T08:57:40+00:00","twitter:card":"summary_large_image","twitter:title":"MOTAN auf der K-Messe: Effizienz und Innovation","twitter:description":"Auf der K-Messe pr\u00e4sentierte MOTAN effiziente, energieoptimierte Materialhandling-L\u00f6sungen f\u00fcr mehr Produktivit\u00e4t und Nachhaltigkeit.","twitter:image":"https:\/\/www.tepro.com.tr\/wp-content\/uploads\/2025\/04\/tepro-logo-2.png"},"aioseo_meta_data":{"post_id":"999620","title":"MOTAN auf der K-Messe: Effizienz und Innovation","description":"Auf der K-Messe pr\u00e4sentierte MOTAN effiziente, energieoptimierte Materialhandling-L\u00f6sungen f\u00fcr mehr Produktivit\u00e4t und Nachhaltigkeit.","keywords":null,"keyphrases":{"focus":{"keyphrase":"","score":0,"analysis":{"keyphraseInTitle":{"score":0,"maxScore":9,"error":1}}},"additional":[]},"primary_term":null,"canonical_url":null,"og_title":null,"og_description":null,"og_object_type":"default","og_image_type":"default","og_image_url":null,"og_image_width":null,"og_image_height":null,"og_image_custom_url":null,"og_image_custom_fields":null,"og_video":"","og_custom_url":null,"og_article_section":null,"og_article_tags":null,"twitter_use_og":false,"twitter_card":"default","twitter_image_type":"default","twitter_image_url":null,"twitter_image_custom_url":null,"twitter_image_custom_fields":null,"twitter_title":null,"twitter_description":null,"schema":{"blockGraphs":[],"customGraphs":[],"default":{"data":{"Article":[],"Course":[],"Dataset":[],"FAQPage":[],"Movie":[],"Person":[],"Product":[],"ProductReview":[],"Car":[],"Recipe":[],"Service":[],"SoftwareApplication":[],"WebPage":[]},"graphName":"BlogPosting","isEnabled":true},"graphs":[]},"schema_type":"default","schema_type_options":null,"pillar_content":false,"robots_default":true,"robots_noindex":false,"robots_noarchive":false,"robots_nosnippet":false,"robots_nofollow":false,"robots_noimageindex":false,"robots_noodp":false,"robots_notranslate":false,"robots_max_snippet":"-1","robots_max_videopreview":"-1","robots_max_imagepreview":"large","priority":null,"frequency":"default","local_seo":null,"seo_analyzer_scan_date":"2025-10-24 09:09:58","breadcrumb_settings":null,"limit_modified_date":false,"open_ai":null,"ai":{"faqs":[],"keyPoints":[],"titles":[],"descriptions":[],"socialPosts":{"email":[],"linkedin":[],"twitter":[],"facebook":[],"instagram":[]}},"created":"2025-10-24 08:56:55","updated":"2025-10-24 09:09:58"},"aioseo_breadcrumb":"<div class=\"aioseo-breadcrumbs\"><span class=\"aioseo-breadcrumb\">\n\t<a href=\"https:\/\/www.tepro.com.tr\/de\/\" title=\"Home\">Home<\/a>\n<\/span><span class=\"aioseo-breadcrumb-separator\">&raquo;<\/span><span class=\"aioseo-breadcrumb\">\n\t<a href=\"https:\/\/www.tepro.com.tr\/de\/category\/messen\/\" title=\"Messen\">Messen<\/a>\n<\/span><span class=\"aioseo-breadcrumb-separator\">&raquo;<\/span><span class=\"aioseo-breadcrumb\">\n\tMOTAN pr\u00e4sentiert Effizienz und Innovation auf der K-Messe\n<\/span><\/div>","aioseo_breadcrumb_json":[{"label":"Home","link":"https:\/\/www.tepro.com.tr\/de\/"},{"label":"Messen","link":"https:\/\/www.tepro.com.tr\/de\/category\/messen\/"},{"label":"MOTAN pr\u00e4sentiert Effizienz und Innovation auf der K-Messe","link":"https:\/\/www.tepro.com.tr\/de\/motan-praesentiert-effizienz-und-innovation-auf-der-k-messe\/"}],"_links":{"self":[{"href":"https:\/\/www.tepro.com.tr\/de\/wp-json\/wp\/v2\/posts\/999620","targetHints":{"allow":["GET"]}}],"collection":[{"href":"https:\/\/www.tepro.com.tr\/de\/wp-json\/wp\/v2\/posts"}],"about":[{"href":"https:\/\/www.tepro.com.tr\/de\/wp-json\/wp\/v2\/types\/post"}],"author":[{"embeddable":true,"href":"https:\/\/www.tepro.com.tr\/de\/wp-json\/wp\/v2\/users\/1"}],"replies":[{"embeddable":true,"href":"https:\/\/www.tepro.com.tr\/de\/wp-json\/wp\/v2\/comments?post=999620"}],"version-history":[{"count":1,"href":"https:\/\/www.tepro.com.tr\/de\/wp-json\/wp\/v2\/posts\/999620\/revisions"}],"predecessor-version":[{"id":999621,"href":"https:\/\/www.tepro.com.tr\/de\/wp-json\/wp\/v2\/posts\/999620\/revisions\/999621"}],"wp:featuredmedia":[{"embeddable":true,"href":"https:\/\/www.tepro.com.tr\/de\/wp-json\/wp\/v2\/media\/999643"}],"wp:attachment":[{"href":"https:\/\/www.tepro.com.tr\/de\/wp-json\/wp\/v2\/media?parent=999620"}],"wp:term":[{"taxonomy":"category","embeddable":true,"href":"https:\/\/www.tepro.com.tr\/de\/wp-json\/wp\/v2\/categories?post=999620"},{"taxonomy":"post_tag","embeddable":true,"href":"https:\/\/www.tepro.com.tr\/de\/wp-json\/wp\/v2\/tags?post=999620"}],"curies":[{"name":"wp","href":"https:\/\/api.w.org\/{rel}","templated":true}]}}